{"id":15376,"date":"2015-06-13T13:37:12","date_gmt":"2015-06-13T10:37:12","guid":{"rendered":"https:\/\/www.livegamers.fi\/uutiset\/crackdown-ja-scalebound-missaavat-e3-messut\/"},"modified":"2015-06-13T13:37:12","modified_gmt":"2015-06-13T10:37:12","slug":"crackdown-ja-scalebound-missaavat-e3-messut","status":"publish","type":"news","link":"https:\/\/www.livegamers.fi\/uutiset\/crackdown-ja-scalebound-missaavat-e3-messut\/","title":{"rendered":"Crackdown ja Scalebound missaavat E3-messut"},"content":{"rendered":"<p><i>Microsoft<\/i> on paljastanut, mit\u00e4 pelej\u00e4 se ei ainakaan esittele pian alkavilla E3-messuilla. Jo aiemmin kerroimme, ettei <i>Remedyn<\/i> kehitt\u00e4m\u00e4\u00e4 <i>Quantum Breakia<\/i> <a href=http:\/\/www.livegamers.fi\/misc\/news.php?shownum=10103 target=_blank><b>n\u00e4hd\u00e4 Los Angelesissa<\/b><\/a> ja nyt seuraksi ovat liittyneet tulevat nimikkeet <i>Crackdown<\/i> ja <i>Scalebound<\/i>. Kaikki kolme nimikett\u00e4 tullaan n\u00e4kem\u00e4\u00e4n elokuussa Gamescom-messuilla Saksassa.<br \/>\nXbox-pomo <b>Phil Spencer<\/b> kertoo yrityksen blogissa, ett\u00e4 Microsoftin E3-tilaisuus on t\u00e4ynn\u00e4 julkistuksia ja puhetta peleist\u00e4, joten joitakin asioita oli my\u00f6s j\u00e4tett\u00e4v\u00e4 pois my\u00f6hemp\u00e4\u00e4n ajankohtaan. Aiemmin Spencer on <a href=http:\/\/www.livegamers.fi\/misc\/news.php?shownum=9817 target=_blank><b>paljastanut muun muassa <\/b><\/a> uuden yksinoikeusnimikkeen julkistuksen ja ett\u00e4 tilaisuus tulee olemaan &#8221;erilainen&#8221; verrattuna aiempiin.<\/p>\n<p>E3-messut j\u00e4rjestet\u00e4\u00e4n Los Angelesissa 16.\u201418. kes\u00e4kuuta, ja Livegamers seuraa tapahtumia totuttuun tapaan herke\u00e4m\u00e4tt\u00e4. Toivommekin k\u00e4ytt\u00e4jilt\u00e4 palautetta ja ehdotuksia siit\u00e4, mit\u00e4 haluaisitte n\u00e4hd\u00e4 ja lukea sivustolla. Kerro mietteesi esimerkiksi <a href=http:\/\/www.livegamers.fi\/forums\/topic\/2288-e3-2015-16%E2%80%94186\/ target=_blank><b>t\u00e4\u00e4ll\u00e4<\/b><\/a>.<\/p>\n","protected":false},"excerpt":{"rendered":"<p>Microsoft on paljastanut, mit\u00e4 pelej\u00e4 se ei esittele E3-messuilla.<\/p>\n","protected":false},"author":67,"featured_media":0,"parent":0,"comment_status":"closed","ping_status":"closed","template":"","categories":[],"tags":[],"_links":{"self":[{"href":"https:\/\/www.livegamers.fi\/api\/wp\/v2\/news\/15376"}],"collection":[{"href":"https:\/\/www.livegamers.fi\/api\/wp\/v2\/news"}],"about":[{"href":"https:\/\/www.livegamers.fi\/api\/wp\/v2\/types\/news"}],"author":[{"embeddable":true,"href":"https:\/\/www.livegamers.fi\/api\/wp\/v2\/users\/67"}],"replies":[{"embeddable":true,"href":"https:\/\/www.livegamers.fi\/api\/wp\/v2\/comments?post=15376"}],"wp:attachment":[{"href":"https:\/\/www.livegamers.fi\/api\/wp\/v2\/media?parent=15376"}],"wp:term":[{"taxonomy":"category","embeddable":true,"href":"https:\/\/www.livegamers.fi\/api\/wp\/v2\/categories?post=15376"},{"taxonomy":"post_tag","embeddable":true,"href":"https:\/\/www.livegamers.fi\/api\/wp\/v2\/tags?post=15376"}],"curies":[{"name":"wp","href":"https:\/\/api.w.org\/{rel}","templated":true}]}}